{"id":107,"date":"2014-10-01T20:19:03","date_gmt":"2014-10-01T20:19:03","guid":{"rendered":"http:\/\/geibrasile.com\/novo\/?p=107"},"modified":"2017-08-25T20:34:27","modified_gmt":"2017-08-25T20:34:27","slug":"comolatti-sergio-3","status":"publish","type":"post","link":"http:\/\/geibrasile.com\/?p=107&amp;lang=pt","title":{"rendered":"COMOLATTI, Sergio"},"content":{"rendered":"<p><img loading=\"lazy\" width=\"300\" height=\"259\" class=\"alignnone  wp-image-108\" alt=\"001\" src=\"http:\/\/geibrasile.com\/wp-content\/uploads\/2014\/10\/001-300x259.jpg\" srcset=\"http:\/\/geibrasile.com\/wp-content\/uploads\/2014\/10\/001-300x259.jpg 300w, http:\/\/geibrasile.com\/wp-content\/uploads\/2014\/10\/001.jpg 473w\" sizes=\"(max-width: 300px) 100vw, 300px\" \/><\/p>\n<p>Sergio Comolatti<\/p>\n<p>Nascido e residente em S\u00e3o Paulo, Brasil, Casado, 1 filha.<\/p>\n<p>Forma\u00e7\u00e3o Acad\u00eamica<\/p>\n<p>-Primeiro e Segundo Graus, cursados no Col\u00e9gio Dante Alighieri.<br \/>\n-Bacharel em Administra\u00e7\u00e3o de Empresas, pela Escola de Administra\u00e7\u00e3o de Empresas de SP da Funda\u00e7\u00e3o Get\u00falio Vargas, com Especializa\u00e7\u00e3o em Finan\u00e7as .<br \/>\n-P\u00f3s Graduado pela Escola de Administra\u00e7\u00e3o de Empresas de S\u00e3o Paulo da Funda\u00e7\u00e3o Get\u00falio Vargas, com Especializa\u00e7\u00e3o em Marketing.<\/p>\n<p>Presidente do Grupo Comolatti<\/p>\n<p>O Grupo Comolatti, com 55 anos de tradi\u00e7\u00e3o, \u00e9 l\u00edder nacional em alguns segmentos do mercado automotivo, como distribui\u00e7\u00e3o de autope\u00e7as, revenda de pneus, concession\u00e1rias de ve\u00edculos pesados e tamb\u00e9m nos segmentos imobili\u00e1rio e de gastronomia.<\/p>\n<p>Atividades Associativas:<\/p>\n<p>&#8211; C\u00e2mara \u00cdtalo Brasileira de Com\u00e9rcio<br \/>\nMembro do Conselho Consultivo Abr\/1996 a atual<\/p>\n<p>&#8211; ANDAP -Assoc.Nacional dos Distribuidores de Autope\u00e7as<br \/>\nMembro do Conselho Consultivo 1995 \u00e0 atual<br \/>\nVice-Presidente 1989 \u00e0 1995<\/p>\n<p>&#8211; ABRAPNEUS \u2013Assoc.Brasileira dos Revendedores de Pneus<\/p>\n<p>Diretor 1996 a 2001<\/p>\n<p>&#8211; SINCOPE\u00c7AS \u2013 Sindicato do Com. Varejista Pe\u00e7as e Acess\u00f3rios para Ve\u00edculos no Est. de S\u00e3o Paulo<\/p>\n<p>Diretor Suplente 1983 a 1992<\/p>\n<p>&#8211; APAREM \u2013Assoc. Paulista de Ret\u00edfica de Motores<\/p>\n<p>Membro Suplente do Conselho Fiscal Jan\/1980 a Jan\/1982<\/p>\n<p>Condecora\u00e7\u00f5es<\/p>\n<p>&#8211; Pela Rep\u00fablica Italiana<\/p>\n<p>Junho\/1997: L\u2019Onoreficenza dell\u2019Ordine \u201cAl Merito della Repubblica\u201d<br \/>\nT\u00edtulo de \u201cCavaliere\u201d<\/p>\n<p>Maio\/2003: Commendatore dell\u2019Ordine \u201cAl Merito della Repubblica\u201d<\/p>\n","protected":false},"excerpt":{"rendered":"<p>Sergio Comolatti Nascido e residente em S\u00e3o Paulo, Brasil, Casado, 1 filha. Forma\u00e7\u00e3o Acad\u00eamica -Primeiro e Segundo Graus, cursados no Col\u00e9gio Dante Alighieri. -Bacharel em Administra\u00e7\u00e3o de Empresas, pela Escola de Administra\u00e7\u00e3o de Empresas de SP da Funda\u00e7\u00e3o Get\u00falio Vargas, com Especializa\u00e7\u00e3o em Finan\u00e7as . -P\u00f3s Graduado pela Escola de Administra\u00e7\u00e3o de Empresas de S\u00e3o [&hellip;]<\/p>\n","protected":false},"author":1,"featured_media":0,"comment_status":"open","ping_status":"open","sticky":false,"template":"","format":"standard","meta":[],"categories":[9],"tags":[],"_links":{"self":[{"href":"http:\/\/geibrasile.com\/index.php?rest_route=\/wp\/v2\/posts\/107"}],"collection":[{"href":"http:\/\/geibrasile.com\/index.php?rest_route=\/wp\/v2\/posts"}],"about":[{"href":"http:\/\/geibrasile.com\/index.php?rest_route=\/wp\/v2\/types\/post"}],"author":[{"embeddable":true,"href":"http:\/\/geibrasile.com\/index.php?rest_route=\/wp\/v2\/users\/1"}],"replies":[{"embeddable":true,"href":"http:\/\/geibrasile.com\/index.php?rest_route=%2Fwp%2Fv2%2Fcomments&post=107"}],"version-history":[{"count":4,"href":"http:\/\/geibrasile.com\/index.php?rest_route=\/wp\/v2\/posts\/107\/revisions"}],"predecessor-version":[{"id":6619,"href":"http:\/\/geibrasile.com\/index.php?rest_route=\/wp\/v2\/posts\/107\/revisions\/6619"}],"wp:attachment":[{"href":"http:\/\/geibrasile.com\/index.php?rest_route=%2Fwp%2Fv2%2Fmedia&parent=107"}],"wp:term":[{"taxonomy":"category","embeddable":true,"href":"http:\/\/geibrasile.com\/index.php?rest_route=%2Fwp%2Fv2%2Fcategories&post=107"},{"taxonomy":"post_tag","embeddable":true,"href":"http:\/\/geibrasile.com\/index.php?rest_route=%2Fwp%2Fv2%2Ftags&post=107"}],"curies":[{"name":"wp","href":"https:\/\/api.w.org\/{rel}","templated":true}]}}