{"id":112,"date":"2014-10-01T20:21:02","date_gmt":"2014-10-01T20:21:02","guid":{"rendered":"http:\/\/geibrasile.com\/novo\/?p=112"},"modified":"2017-08-25T20:34:16","modified_gmt":"2017-08-25T20:34:16","slug":"bellandi-alida-3","status":"publish","type":"post","link":"http:\/\/geibrasile.com\/?p=112&amp;lang=pt","title":{"rendered":"BELLANDI, Alida"},"content":{"rendered":"<p><img loading=\"lazy\" width=\"225\" height=\"300\" class=\"alignnone  wp-image-103\" alt=\"Foto-Alida Bellandi\" src=\"http:\/\/geibrasile.com\/wp-content\/uploads\/2014\/10\/Foto-Alida-Bellandi-225x300.png\" srcset=\"http:\/\/geibrasile.com\/wp-content\/uploads\/2014\/10\/Foto-Alida-Bellandi-225x300.png 225w, http:\/\/geibrasile.com\/wp-content\/uploads\/2014\/10\/Foto-Alida-Bellandi.png 468w\" sizes=\"(max-width: 225px) 100vw, 225px\" \/><\/p>\n<p>Alida Maria Fleury Bellandi<\/p>\n<p>Forma\u00e7\u00e3o<\/p>\n<p>Graduada pela Universidade Mackenzie em Engenharia Qu\u00edmica<br \/>\nP\u00f3s-Gradua\u00e7\u00e3o em Com\u00e9rcio Exterior e Marketing Internacional pela FUNCEX<br \/>\nCursos de L\u00edngua e Literatura Inglesa pela Universidade de Cambridge &#8211; Inglaterra<br \/>\nCursos de L\u00edngua, Literatura e Civiliza\u00e7\u00e3o Francesa na Sorbonne &#8211; Fran\u00e7a<br \/>\nCursos de L\u00edngua e Literatura Italiana no Instituto Cultural Dante Alighieri<br \/>\nFormada em Historia da Arte pelo Instituto Cultural Italo-brasileiro \u2013 Casa di Dante<br \/>\nHist\u00f3rico Profissional<\/p>\n<p>Int\u00e9rprete parlamentar em congressos e semin\u00e1rios internacionais.<br \/>\nAssessorou o Presidente do Midland Bank no Brasil.<br \/>\nMontou a \u00e1rea de Rela\u00e7\u00f5es Exteriores da empresa Guarany e depois a \u00e1rea de marketing, reestruturando a empresa em unidades de neg\u00f3cios; deu in\u00edcio e consolidou o processo de conquista do mercado internacional; implantou o planejamento estrat\u00e9gico e a pol\u00edtica socioambiental na empresa.<br \/>\nAtualmente Presidente e Diretora de Marketing da Guarany Ind\u00fastria e Com\u00e9rcio Ltda.<br \/>\nElaborou e participou de in\u00fameros projetos em diversas entidades de classe; foi conferencista em in\u00fameros eventos nacionais e internacionais, como o Agrievolution 2011, realizado em Paris com o tema: \u201cMecaniza\u00e7\u00e3o da agricultura e sustentabilidade\u201d.<br \/>\nOutras Ocupa\u00e7\u00f5es<\/p>\n<p>Integra o CONIMAQ- Conselho Nacional da Ind\u00fastria de M\u00e1quinas, da ABIMAQ; a Comiss\u00e3o de A\u00e7\u00e3o Pol\u00edtica, al\u00e9m do Conselho de Com\u00e9rcio Exterior. Foi Vice-Presidente dessa entidade e Diretora de Promo\u00e7\u00e3o de Com\u00e9rcio Exterior por muitos anos.<br \/>\nPresidente do Conselho de Administra\u00e7\u00e3o da C\u00e2mara de Com\u00e9rcio Argentino Brasileira de S\u00e3o Paulo \u2013 CAMARBRA.<br \/>\nIntegra o Conselho da C\u00e2mara Mexicana.<br \/>\nIntegra o Conselho Superior da C\u00e2mara \u00cdtalo-Brasileira de Com\u00e9rcio e Ind\u00fastria.<br \/>\nMembro do GEI \u2013 Grupo Esponenti Italiani<br \/>\nColaboradora do DECEX da Fiesp<br \/>\nMembro do Conselho do CEAL \u2013 Conselho Empresarial da Am\u00e9rica Latina<br \/>\nMembro da Rede Mundial de Inc\u00eandios Florestais e uma das fundadoras da Rede Latino Americana de Inc\u00eandios.<br \/>\nNOTAS: Foi membro do Comit\u00ea ABIMAQ \u2013 BNDES da \u00e1rea internacional<br \/>\nParticipou por 2 anos do Cericex \u2013 Conselho Superior de Com\u00e9rcio Exterior do Estado de S\u00e3o Paulo constitu\u00eddo e presidido pelo Governador Geraldo Alckmin.<br \/>\nFundadora do Conselho de C\u00e2maras das Am\u00e9ricas<br \/>\nFoi Vice-presidente da C\u00e2mara Brasil-M\u00e9xico por muitos anos<br \/>\nIntegrou o Conselho Empresarial Brasil-Peru<br \/>\nMen\u00e7\u00f5es Honrosas e premia\u00e7\u00f5es<\/p>\n<p>Na Guarany ao montar a \u00e1rea de rela\u00e7\u00f5es exteriores, criou um novo modelo de gest\u00e3o que mereceu um Cap\u00edtulo do livro \u201cO Exportador\u201d de Nicola Minervini &#8211; Makron, 3a.edi\u00e7\u00e3o.<br \/>\nHomenageada na Edi\u00e7\u00e3o Especial de S\u00e3o Paulo 450 Anos \u2013 Sua Hist\u00f3ria e Seus Monumentos \u2013 Destaques e Personalidades<br \/>\nRecebeu uma homenagem em Floren\u00e7a &#8211; It\u00e1lia em 2009, promovida pela \u201cItalian Women in the World\u201d, como uma das empres\u00e1rias mais influentes no seu campo de atua\u00e7\u00e3o.<\/p>\n<p>Responsabilidade Socio-ambiental<\/p>\n<p>Desenvolveu v\u00e1rios projetos voltados para a preserva\u00e7\u00e3o do meio-ambiente e educa\u00e7\u00e3o ambiental, com destaque para:<\/p>\n<p>TECENDO FLORESTAS &#8211; Projeto de conscientiza\u00e7\u00e3o de crian\u00e7as e adolescentes das escolas de Itu sobre a prote\u00e7\u00e3o da Mata Atl\u00e2ntica.<br \/>\nDVD \u201cA TERRA POR UMA GOTA\u201d \u2013 projeto voltado para a conscientiza\u00e7\u00e3o sobre o aquecimento global e o impacto sobre as florestas, e as \u00e1guas, focando a Amaz\u00f4nia.<br \/>\nPatroc\u00ednio do pintor das florestas brasileiras: Totonho, na exposi\u00e7\u00e3o de Chicago: \u201cAquarela do Brasil from north to South\u201d na Anne Lloyd Gallery em 2009, e de S\u00e3o Paulo: Alma Brasileira em janeiro de 2011.<br \/>\nDoa\u00e7\u00e3o de equipamentos e treinamento das primeiras brigadas ind\u00edgenas do Parque nacional do Xingu com o Corpo de Bombeiros do Mato grosso e com o ISA \u2013 Instituto Socioambiental.<\/p>\n","protected":false},"excerpt":{"rendered":"<p>Alida Maria Fleury Bellandi Forma\u00e7\u00e3o Graduada pela Universidade Mackenzie em Engenharia Qu\u00edmica P\u00f3s-Gradua\u00e7\u00e3o em Com\u00e9rcio Exterior e Marketing Internacional pela FUNCEX Cursos de L\u00edngua e Literatura Inglesa pela Universidade de Cambridge &#8211; Inglaterra Cursos de L\u00edngua, Literatura e Civiliza\u00e7\u00e3o Francesa na Sorbonne &#8211; Fran\u00e7a Cursos de L\u00edngua e Literatura Italiana no Instituto Cultural Dante Alighieri [&hellip;]<\/p>\n","protected":false},"author":1,"featured_media":0,"comment_status":"open","ping_status":"open","sticky":false,"template":"","format":"standard","meta":[],"categories":[9],"tags":[],"_links":{"self":[{"href":"http:\/\/geibrasile.com\/index.php?rest_route=\/wp\/v2\/posts\/112"}],"collection":[{"href":"http:\/\/geibrasile.com\/index.php?rest_route=\/wp\/v2\/posts"}],"about":[{"href":"http:\/\/geibrasile.com\/index.php?rest_route=\/wp\/v2\/types\/post"}],"author":[{"embeddable":true,"href":"http:\/\/geibrasile.com\/index.php?rest_route=\/wp\/v2\/users\/1"}],"replies":[{"embeddable":true,"href":"http:\/\/geibrasile.com\/index.php?rest_route=%2Fwp%2Fv2%2Fcomments&post=112"}],"version-history":[{"count":4,"href":"http:\/\/geibrasile.com\/index.php?rest_route=\/wp\/v2\/posts\/112\/revisions"}],"predecessor-version":[{"id":6596,"href":"http:\/\/geibrasile.com\/index.php?rest_route=\/wp\/v2\/posts\/112\/revisions\/6596"}],"wp:attachment":[{"href":"http:\/\/geibrasile.com\/index.php?rest_route=%2Fwp%2Fv2%2Fmedia&parent=112"}],"wp:term":[{"taxonomy":"category","embeddable":true,"href":"http:\/\/geibrasile.com\/index.php?rest_route=%2Fwp%2Fv2%2Fcategories&post=112"},{"taxonomy":"post_tag","embeddable":true,"href":"http:\/\/geibrasile.com\/index.php?rest_route=%2Fwp%2Fv2%2Ftags&post=112"}],"curies":[{"name":"wp","href":"https:\/\/api.w.org\/{rel}","templated":true}]}}