{"id":199,"date":"2014-10-02T11:44:14","date_gmt":"2014-10-02T11:44:14","guid":{"rendered":"http:\/\/geibrasile.com\/novo\/?p=199"},"modified":"2015-02-20T18:54:04","modified_gmt":"2015-02-20T18:54:04","slug":"azzi-celso","status":"publish","type":"post","link":"http:\/\/geibrasile.com\/?p=199&amp;lang=pt","title":{"rendered":"AZZI, Celso"},"content":{"rendered":"<p><img alt=\"Fotos 002\" src=\"http:\/\/geibrasile.com\/wp-content\/uploads\/2014\/10\/Fotos-002-225x300.png\" \/><\/p>\n<p>CELSO AZZI<\/p>\n<p>Iniciou seus estudos na tradicional escola, Col\u00e9gio Dante Alighieri desde o prim\u00e1rio, onde concluiu seu colegial em 1967, graduou-se em 1973 pela Faculdade de Direito da Universidade de S\u00e3o Paulo (USP). Especializou-se em Administra\u00e7\u00e3o de Empresas \u2013 Conv\u00eanio CAP-MEC e em Direito Empresarial, pela Faculdade de Direito da Universidade Mackenzie.<\/p>\n<p>S\u00f3cio fundador e titular do escrit\u00f3rio \u201cTelles Pereira, Azzi, Ferrari e Almeida Salles \u2013 Sociedade de Advogados\u201d em 1976, \u00e9 advogado militante, inscrito na OAB Sec\u00e7\u00e3o S\u00e3o Paulo sob n\u00ba 32.728, especialista em Direito Societ\u00e1rio, prestando consultoria a investidores estrangeiros, em particular italianos. Atua como advogado no Brasil no atendimento e consultoria para diversas empresas e institui\u00e7\u00f5es financeiras brasileiras e italianas.<\/p>\n<p>Com intensa participa\u00e7\u00e3o nas rela\u00e7\u00f5es empresariais \u00edtalo-brasileiras, foi Vice-Presidente C\u00e2mara \u00cdtalo Brasileira de Comercio e Ind\u00fastria &#8211; S\u00e3o Paulo, sendo atualmente membro do Conselho Deliberativo e Vice-Presidente de seu Comit\u00ea Jur\u00eddico.<\/p>\n<p>Colaborador de projetos desenvolvidos pela C\u00e2mara de Com\u00e9rcio \u00cdtalo-Brasileira de S\u00e3o Paulo juntamente com C\u00e2maras de Com\u00e9rcio da It\u00e1lia, dando grande contribui\u00e7\u00e3o ao desenvolvimento das rela\u00e7\u00f5es comerciais e institucionais.<\/p>\n<p>Dedica-se a atividades sociais, filantr\u00f3picas, culturais e educacionais, sendo Conselheiro da Sociedade sem fins lucrativos que mant\u00e9m o Col\u00e9gio Dante Alighieri, uma das mais prestigiosas escolas de S\u00e3o Paulo fundada pela comunidade italiana no in\u00edcio do s\u00e9culo passado.<\/p>\n<p>\u00c9 ainda fundador e Diretor Secret\u00e1rio do Instituto Norberto Bobbio \u2013 Cultura, Democracia e Direitos Humanos, entidade sem fins lucrativos, voltada para a promo\u00e7\u00e3o de atividades e estudos do pensador, jurista e fil\u00f3sofo italiano Norberto Bobbio.<\/p>\n<p>Integra h\u00e1 20 (vinte) anos o Corpo de Vogais da Junta Comercial do Estado de S\u00e3o Paulo, na qualidade de Vogal-Titular tendo inclusive ocupado a Vice-Presid\u00eancia 2002\/2003.<\/p>\n<p>Em 2011 foi membro do Conselho Deliberativo da Associa\u00e7\u00e3o Comercial de S\u00e3o Paulo, sendo em 2013 eleito para o cargo de Diretor (Diretoria Plena).<\/p>\n<p>\u00c9 Integrante do Corpo de \u00c1rbitros da C\u00e2mara de Arbitragem Bolsa Brasileira de Mercadorias.<\/p>\n<p>Representante no Brasil da Regione Toscana (Agenzia di Promozione Economica della Toscana).<\/p>\n<p>Devido aos seus m\u00e9ritos adquiridos em campo profissional, social e filantr\u00f3pico, foi lhe concedida a honraria \u201cCavaliere da Ordem ao M\u00e9rito da Rep\u00fablica Italiana\u201d.<\/p>\n","protected":false},"excerpt":{"rendered":"<p>CELSO AZZI Iniciou seus estudos na tradicional escola, Col\u00e9gio Dante Alighieri desde o prim\u00e1rio, onde concluiu seu colegial em 1967, graduou-se em 1973 pela Faculdade de Direito da Universidade de S\u00e3o Paulo (USP). Especializou-se em Administra\u00e7\u00e3o de Empresas \u2013 Conv\u00eanio CAP-MEC e em Direito Empresarial, pela Faculdade de Direito da Universidade Mackenzie. S\u00f3cio fundador e [&hellip;]<\/p>\n","protected":false},"author":1,"featured_media":0,"comment_status":"open","ping_status":"open","sticky":false,"template":"","format":"standard","meta":[],"categories":[9],"tags":[],"_links":{"self":[{"href":"http:\/\/geibrasile.com\/index.php?rest_route=\/wp\/v2\/posts\/199"}],"collection":[{"href":"http:\/\/geibrasile.com\/index.php?rest_route=\/wp\/v2\/posts"}],"about":[{"href":"http:\/\/geibrasile.com\/index.php?rest_route=\/wp\/v2\/types\/post"}],"author":[{"embeddable":true,"href":"http:\/\/geibrasile.com\/index.php?rest_route=\/wp\/v2\/users\/1"}],"replies":[{"embeddable":true,"href":"http:\/\/geibrasile.com\/index.php?rest_route=%2Fwp%2Fv2%2Fcomments&post=199"}],"version-history":[{"count":6,"href":"http:\/\/geibrasile.com\/index.php?rest_route=\/wp\/v2\/posts\/199\/revisions"}],"predecessor-version":[{"id":6698,"href":"http:\/\/geibrasile.com\/index.php?rest_route=\/wp\/v2\/posts\/199\/revisions\/6698"}],"wp:attachment":[{"href":"http:\/\/geibrasile.com\/index.php?rest_route=%2Fwp%2Fv2%2Fmedia&parent=199"}],"wp:term":[{"taxonomy":"category","embeddable":true,"href":"http:\/\/geibrasile.com\/index.php?rest_route=%2Fwp%2Fv2%2Fcategories&post=199"},{"taxonomy":"post_tag","embeddable":true,"href":"http:\/\/geibrasile.com\/index.php?rest_route=%2Fwp%2Fv2%2Ftags&post=199"}],"curies":[{"name":"wp","href":"https:\/\/api.w.org\/{rel}","templated":true}]}}