{"id":233,"date":"2015-06-02T11:53:53","date_gmt":"2015-06-02T11:53:53","guid":{"rendered":"http:\/\/geibrasile.com\/novo\/?p=233"},"modified":"2017-07-21T19:47:52","modified_gmt":"2017-07-21T19:47:52","slug":"cavanna-riccardo","status":"publish","type":"post","link":"http:\/\/geibrasile.com\/?p=233&amp;lang=pt","title":{"rendered":"CAVANNA, Riccardo"},"content":{"rendered":"<p><img loading=\"lazy\" class=\"alignnone size-medium wp-image-7260\" style=\"float: left; padding: 5px;\" alt=\"Untitled-2\" src=\"http:\/\/geibrasile.com\/wp-content\/uploads\/2015\/06\/Untitled-2-220x300.png\" width=\"220\" height=\"300\" srcset=\"http:\/\/geibrasile.com\/wp-content\/uploads\/2015\/06\/Untitled-2-220x300.png 220w, http:\/\/geibrasile.com\/wp-content\/uploads\/2015\/06\/Untitled-2.png 283w\" sizes=\"(max-width: 220px) 100vw, 220px\" \/><\/p>\n<p>Nascido em Valsesia em 1970, Riccardo frequentou a Universidade Bocconi com uma licenciatura em<br \/>\nAdministra\u00e7\u00e3o de Empresas e tamb\u00e9m o MBA Executivo na MIP, Escola de Neg\u00f3cios da Polit\u00e9cnica de<br \/>\nMil\u00e3o na It\u00e1lia.<br \/>\nRiccardo teve a oportunidade de vivenciar e trabalhar fora da It\u00e1lia.<br \/>\nOs anos seguintes foram de carreira repleta de trabalhos desafiadores em importantes grupos industriais<br \/>\ncomo Deckel Maho Glidemeisster &#8211; Gerente de Marketing da Rede de Vendas na It\u00e1lia e em ALPMA<br \/>\nGrupo como Gerente de \u00c1rea.<br \/>\nDesde o ano de 2000 Riccardo tem sido membro do Conselho de Administra\u00e7\u00e3o e no ano de 2004<br \/>\ntornou-se o CEO da Cavanna. Durante este per\u00edodo, Riccardo tem internacionalizado a Cavanna abrindo<br \/>\numa f\u00e1brica no Brasil, com escrit\u00f3rios de vendas \/ servi\u00e7os nos EUA e Alemanha.<\/p>\n<p>Atividades adicionais:<br \/>\nVice Diretor da UCIMA<br \/>\nDiretor da FORAZ<br \/>\nMembro ativo da Associa\u00e7\u00e3o GEI no Brasil<\/p>\n","protected":false},"excerpt":{"rendered":"<p>Nascido em Valsesia em 1970, Riccardo frequentou a Universidade Bocconi com uma licenciatura em Administra\u00e7\u00e3o de Empresas e tamb\u00e9m o MBA Executivo na MIP, Escola de Neg\u00f3cios da Polit\u00e9cnica de Mil\u00e3o na It\u00e1lia. Riccardo teve a oportunidade de vivenciar e trabalhar fora da It\u00e1lia. Os anos seguintes foram de carreira repleta de trabalhos desafiadores em [&hellip;]<\/p>\n","protected":false},"author":1,"featured_media":0,"comment_status":"open","ping_status":"open","sticky":false,"template":"","format":"standard","meta":[],"categories":[9],"tags":[],"_links":{"self":[{"href":"http:\/\/geibrasile.com\/index.php?rest_route=\/wp\/v2\/posts\/233"}],"collection":[{"href":"http:\/\/geibrasile.com\/index.php?rest_route=\/wp\/v2\/posts"}],"about":[{"href":"http:\/\/geibrasile.com\/index.php?rest_route=\/wp\/v2\/types\/post"}],"author":[{"embeddable":true,"href":"http:\/\/geibrasile.com\/index.php?rest_route=\/wp\/v2\/users\/1"}],"replies":[{"embeddable":true,"href":"http:\/\/geibrasile.com\/index.php?rest_route=%2Fwp%2Fv2%2Fcomments&post=233"}],"version-history":[{"count":14,"href":"http:\/\/geibrasile.com\/index.php?rest_route=\/wp\/v2\/posts\/233\/revisions"}],"predecessor-version":[{"id":8456,"href":"http:\/\/geibrasile.com\/index.php?rest_route=\/wp\/v2\/posts\/233\/revisions\/8456"}],"wp:attachment":[{"href":"http:\/\/geibrasile.com\/index.php?rest_route=%2Fwp%2Fv2%2Fmedia&parent=233"}],"wp:term":[{"taxonomy":"category","embeddable":true,"href":"http:\/\/geibrasile.com\/index.php?rest_route=%2Fwp%2Fv2%2Fcategories&post=233"},{"taxonomy":"post_tag","embeddable":true,"href":"http:\/\/geibrasile.com\/index.php?rest_route=%2Fwp%2Fv2%2Ftags&post=233"}],"curies":[{"name":"wp","href":"https:\/\/api.w.org\/{rel}","templated":true}]}}