{"id":59,"date":"2015-06-02T11:58:37","date_gmt":"2015-06-02T11:58:37","guid":{"rendered":"http:\/\/geibrasile.com\/novo\/?p=59"},"modified":"2022-04-11T13:28:55","modified_gmt":"2022-04-11T13:28:55","slug":"guarnera-giacomo","status":"publish","type":"post","link":"http:\/\/geibrasile.com\/?p=59&amp;lang=pt","title":{"rendered":"GUARNERA, Giacomo"},"content":{"rendered":"<p><img loading=\"lazy\" width=\"63\" height=\"90\" class=\"alignnone  wp-image-60\" alt=\"guarnera\" src=\"http:\/\/geibrasile.com\/wp-content\/uploads\/2014\/10\/guarnera.bmp\" \/><br \/>\nS\u00f3cio fundador da Guarnera Advogados.<br \/>\nCavaliere dell\u2019Ordine al Merito della Repubblica Italiana, em 2002<br \/>\nForma\u00e7\u00e3o Acad\u00eamica<br \/>\nDoutor em direito com louvor junto \u00e0 &#8220;Facolt\u00e0 di Giurisprudenza dell\u2019Universit\u00e0 di Palermo&#8221; em 1985;<br \/>\nAdvogado na It\u00e1lia desde 1989;<br \/>\nBacharel pela Faculdade de Direito da Universidade de S\u00e3o Paulo (USP) em 1994;<br \/>\nAdvogado no Brasil desde 1995;<br \/>\nAssocia\u00e7\u00f5es<br \/>\nS\u00f3cio Fundador e Diretor\u2013Secret\u00e1rio do G.E.I. \u2013 Gruppo Esponenti Italiani de S\u00e3o Paulo desde 2000;<br \/>\nFundador e Vice\u2013Presidente da Associa\u00e7\u00e3o Brazil Planet de Mil\u00e3o desde 2010;<br \/>\nVice\u2013Presidente da C\u00e2mara \u00cdtalo-Brasileira de Com\u00e9rcio e Ind\u00fastria de S\u00e3o Paulo de 2000 a 2011;<br \/>\nFundador e Presidente da C\u00e2mara \u00cdtalo-Brasileira J\u00fanior de 1992 at\u00e9 1998;<br \/>\nFundador e Presidente da associa\u00e7\u00e3o ACLI \u2013 S\u00e3o Paulo de 1999 at\u00e9 2009. Desde 2009 Vice Presidente;<br \/>\nMembro da AIJA \u201cAssociation Internationale des Jeunes Avvocats\u201d desde 1987;<br \/>\nFundador e Presidente da Associa\u00e7\u00e3o S\u00e3o Louren\u00e7o de S\u00e3o Paulo desde 1997. Referida Associa\u00e7\u00e3o est\u00e1 vinculada \u00e0 Comunidade \u201cCenacolo\u201d de Saluzzo, fundada pela Irm\u00e3 Elvira e \u00e9 respons\u00e1vel por tr\u00eas miss\u00f5es, que abrigam crian\u00e7as e jovens menos favorecidos;<br \/>\nFundador e Presidente da Associa\u00e7\u00e3o Abb\u00e0 Brasile \u2013 Formazione e Sostegno alla Giovent\u00f9 \u2013 desde 2005. A mesma est\u00e1 vinculada \u00e0 associa\u00e7\u00e3o Abb\u00e0 de Mil\u00e3o e tem por objetivo a forma\u00e7\u00e3o escolar, profissional e universit\u00e1ria de crian\u00e7as e jovens menos favorecidos;<br \/>\nConselheiro do Circolo Italiano de S\u00e3o Paulo de 1999 at\u00e9 2002;<br \/>\nMembro da dire\u00e7\u00e3o do Comit\u00ea Jur\u00eddico da C\u00e2mara \u00cdtalo-Brasileira de Com\u00e9rcio e Ind\u00fastria de S\u00e3o Paulo de 2002 a 2011;<br \/>\nMembro da Ordem dos Advogados do Brasil (OAB) \u2013 Sec\u00e7\u00e3o S\u00e3o Paulo;<br \/>\nMembro da Associa\u00e7\u00e3o dos Advogados de S\u00e3o Paulo (AASP);<br \/>\nAdministrador, procurador e conselheiro de diversas empresas estrangeiras no Brasil.<\/p>\n<p>\u00c1reas de Atua\u00e7\u00e3o<br \/>\nS\u00f3cio S\u00eanior do escrit\u00f3rio respons\u00e1vel pelos setores de Joint Ventures, Contratos Internacionais, Capital Estrangeiro, Arbitragem, Contencioso em mat\u00e9ria comercial e societ\u00e1ria, Contencioso Internacional, Tribut\u00e1rio, Direito Italiano, Direito Imobili\u00e1rio,Terceiro Setor e Imigra\u00e7\u00e3o.<br \/>\nIdiomas<br \/>\nItaliano, Portugu\u00eas, Alem\u00e3o, Ingl\u00eas, Franc\u00eas, e Espanhol.<\/p>\n","protected":false},"excerpt":{"rendered":"<p>S\u00f3cio fundador da Guarnera Advogados. Cavaliere dell\u2019Ordine al Merito della Repubblica Italiana, em 2002 Forma\u00e7\u00e3o Acad\u00eamica Doutor em direito com louvor junto \u00e0 &#8220;Facolt\u00e0 di Giurisprudenza dell\u2019Universit\u00e0 di Palermo&#8221; em 1985; Advogado na It\u00e1lia desde 1989; Bacharel pela Faculdade de Direito da Universidade de S\u00e3o Paulo (USP) em 1994; Advogado no Brasil desde 1995; Associa\u00e7\u00f5es [&hellip;]<\/p>\n","protected":false},"author":1,"featured_media":0,"comment_status":"open","ping_status":"open","sticky":false,"template":"","format":"standard","meta":[],"categories":[4],"tags":[],"_links":{"self":[{"href":"http:\/\/geibrasile.com\/index.php?rest_route=\/wp\/v2\/posts\/59"}],"collection":[{"href":"http:\/\/geibrasile.com\/index.php?rest_route=\/wp\/v2\/posts"}],"about":[{"href":"http:\/\/geibrasile.com\/index.php?rest_route=\/wp\/v2\/types\/post"}],"author":[{"embeddable":true,"href":"http:\/\/geibrasile.com\/index.php?rest_route=\/wp\/v2\/users\/1"}],"replies":[{"embeddable":true,"href":"http:\/\/geibrasile.com\/index.php?rest_route=%2Fwp%2Fv2%2Fcomments&post=59"}],"version-history":[{"count":15,"href":"http:\/\/geibrasile.com\/index.php?rest_route=\/wp\/v2\/posts\/59\/revisions"}],"predecessor-version":[{"id":12796,"href":"http:\/\/geibrasile.com\/index.php?rest_route=\/wp\/v2\/posts\/59\/revisions\/12796"}],"wp:attachment":[{"href":"http:\/\/geibrasile.com\/index.php?rest_route=%2Fwp%2Fv2%2Fmedia&parent=59"}],"wp:term":[{"taxonomy":"category","embeddable":true,"href":"http:\/\/geibrasile.com\/index.php?rest_route=%2Fwp%2Fv2%2Fcategories&post=59"},{"taxonomy":"post_tag","embeddable":true,"href":"http:\/\/geibrasile.com\/index.php?rest_route=%2Fwp%2Fv2%2Ftags&post=59"}],"curies":[{"name":"wp","href":"https:\/\/api.w.org\/{rel}","templated":true}]}}