{"id":81,"date":"2015-06-02T12:00:05","date_gmt":"2015-06-02T12:00:05","guid":{"rendered":"http:\/\/geibrasile.com\/novo\/?p=81"},"modified":"2015-06-02T20:24:09","modified_gmt":"2015-06-02T20:24:09","slug":"rizzioli-valentino","status":"publish","type":"post","link":"http:\/\/geibrasile.com\/?p=81&amp;lang=pt","title":{"rendered":"RIZZIOLI, Valentino"},"content":{"rendered":"<p><img loading=\"lazy\" width=\"300\" height=\"199\" class=\"alignnone  wp-image-82\" alt=\"foto_pres\" src=\"http:\/\/geibrasile.com\/wp-content\/uploads\/2014\/10\/foto_pres-300x199.png\" srcset=\"http:\/\/geibrasile.com\/wp-content\/uploads\/2014\/10\/foto_pres-300x199.png 300w, http:\/\/geibrasile.com\/wp-content\/uploads\/2014\/10\/foto_pres.png 579w\" sizes=\"(max-width: 300px) 100vw, 300px\" \/><br \/>\nValentino Rizzioli &#8211; Presidente<\/p>\n<p>Participar da introdu\u00e7\u00e3o de uma empresa multinacional em um novo pa\u00eds e contribuir ativamente para a sua consolida\u00e7\u00e3o no mercado, chegando \u00e0 ponta em praticamente todos os setores nos quais atua na regi\u00e3o.<\/p>\n<p>Assim pode ser resumida a carreira de Valentino Rizzioli. Com mais de 45 anos de experi\u00eancia no Grupo Fiat, sua trajet\u00f3ria profissional se \u201cconfunde\u201d com o in\u00edcio, solidifica\u00e7\u00e3o, expans\u00e3o e lideran\u00e7a do Grupo Fiat no Brasil e na Am\u00e9rica Latina.<\/p>\n<p>Quando o Grupo decidiu expandir os seus neg\u00f3cios pelo mundo, no inicio da d\u00e9cada de 1970, o Brasil foi logo escolhido pelo seu potencial mercadol\u00f3gico e pelo momento prop\u00edcio de desenvolvimento. Para comandar essa empreitada, o engenheiro Rizzioli foi enviado para o Brasil como o primeiro executivo da marca vindo da It\u00e1lia para o Pa\u00eds.<\/p>\n<p>N\u00e3o demorou muito para que a in\u00e9dita f\u00e1brica do Grupo Fiat fora da It\u00e1lia fosse inaugurada em 1971, em Contagem (MG), onde at\u00e9 hoje s\u00e3o produzidas as avan\u00e7adas m\u00e1quinas de constru\u00e7\u00e3o das marcas Case e New Holland.<\/p>\n<p>Na mesma d\u00e9cada, Rizzioli participou ativamente das atividades de desenvolvimento e constru\u00e7\u00e3o da f\u00e1brica da Fiat Autom\u00f3veis, em Betim (MG).<\/p>\n<p>Pouco depois, Rizzioli teve mais uma experi\u00eancia internacional em sua carreira, quando a Fiat adquiriu a norte-americana Allis Chalmers, o levando a morar nos Estados Unidos para acompanhar o neg\u00f3cio da empresa no segmento de m\u00e1quinas de constru\u00e7\u00e3o.<\/p>\n<p>Depois de cinco anos nos EUA, Rizzioli retornou ao Brasil para desenvolver e fortalecer as atividades do setor de constru\u00e7\u00e3o e, posteriormente, agr\u00edcola, da Fiat na Am\u00e9rica Latina. E logo o Grupo deu passos importantes rumo \u00e0 lideran\u00e7a no continente.<\/p>\n<p>Com a aquisi\u00e7\u00e3o da New Holland pela Fiat em 1991, Rizzioli passou a comandar a ind\u00fastria de m\u00e1quinas agr\u00edcolas e equipamentos de constru\u00e7\u00e3o da empresa na regi\u00e3o.<\/p>\n<p>Mesmo com a evolu\u00e7\u00e3o nos neg\u00f3cios, o Grupo Fiat foi al\u00e9m e adquiriu a Case, numa fus\u00e3o mundial com a New Holland, nascendo a Case New Holland.<\/p>\n<p>Na Am\u00e9rica Latina, Rizzioli se tornou o presidente da nova empresa. Com larga experi\u00eancia em neg\u00f3cios e com a sua sens\u00edvel contribui\u00e7\u00e3o para as atividades do Grupo Fiat, especialmente da Case New Holland, Rizzioli foi nomeado tamb\u00e9m como vice-presidente da Fiat Autom\u00f3veis e, em 2004, como vice-presidente executivo da Fiat do Brasil, cargo que exerce at\u00e9 hoje.<\/p>\n<p>Desde a sua cria\u00e7\u00e3o, a Case New Holland \u00e9 refer\u00eancia mundial na fabrica\u00e7\u00e3o de m\u00e1quinas agr\u00edcolas e de constru\u00e7\u00e3o, oferecendo aos consumidores brasileiros, sul-americanos e dos outros continentes, produtos com a mais alta tecnologia do mercado.<br \/>\nAtualmente Rizzioli tamb\u00e9m \u00e9 Vice-Presidente da Anfavea, Vice-Presidente da Federa\u00e7\u00e3o das Ind\u00fastrias do Estado de Minas Gerais (FIEMG), Presidente do Grupo Esponenti Italiani (GEI) e Presidente do Conselho de Tecnologia e Inova\u00e7\u00e3o da FIEMG.<\/p>\n<p>Entre as diversas homenagens, Rizzioli foi agraciado, em 1998, com o t\u00edtulo de Oficial da Rep\u00fablica Italiana &#8211; a principal condecora\u00e7\u00e3o da It\u00e1lia para pessoas que se destacam no mundo empresarial. Em 2008, recebeu o t\u00edtulo de Cidad\u00e3o Honor\u00e1rio de Minas Gerais concedido pela Assembleia Legislativa do Estado.<\/p>\n<p>Rizzioli foi condecorado tamb\u00e9m com a medalha da Ordem do M\u00e9rito Industrial, em 2012, a mais alta comenda da Confedera\u00e7\u00e3o Nacional da Ind\u00fastria (CNI), que homenageia personalidades e institui\u00e7\u00f5es por relevantes servi\u00e7os prestados ao desenvolvimento socioecon\u00f4mico do Pa\u00eds.<\/p>\n<p>No mesmo ano, recebeu o Pr\u00eamio Globo Tricolore para personalidades que contribu\u00edram para a difus\u00e3o da cultura e da tecnologia italiana no mundo, e a medalha Presidente Juscelino Kubitschek, honraria concedida a personalidades e institui\u00e7\u00f5es que prestam ou tenham prestado servi\u00e7os relevantes \u00e0 sociedade, contribuindo para o crescimento de institui\u00e7\u00f5es pol\u00edticas e governamentais de Minas Gerais e do Brasil.<\/p>\n","protected":false},"excerpt":{"rendered":"<p>Valentino Rizzioli &#8211; Presidente Participar da introdu\u00e7\u00e3o de uma empresa multinacional em um novo pa\u00eds e contribuir ativamente para a sua consolida\u00e7\u00e3o no mercado, chegando \u00e0 ponta em praticamente todos os setores nos quais atua na regi\u00e3o. Assim pode ser resumida a carreira de Valentino Rizzioli. Com mais de 45 anos de experi\u00eancia no Grupo [&hellip;]<\/p>\n","protected":false},"author":1,"featured_media":0,"comment_status":"open","ping_status":"open","sticky":false,"template":"","format":"standard","meta":[],"categories":[4],"tags":[],"_links":{"self":[{"href":"http:\/\/geibrasile.com\/index.php?rest_route=\/wp\/v2\/posts\/81"}],"collection":[{"href":"http:\/\/geibrasile.com\/index.php?rest_route=\/wp\/v2\/posts"}],"about":[{"href":"http:\/\/geibrasile.com\/index.php?rest_route=\/wp\/v2\/types\/post"}],"author":[{"embeddable":true,"href":"http:\/\/geibrasile.com\/index.php?rest_route=\/wp\/v2\/users\/1"}],"replies":[{"embeddable":true,"href":"http:\/\/geibrasile.com\/index.php?rest_route=%2Fwp%2Fv2%2Fcomments&post=81"}],"version-history":[{"count":13,"href":"http:\/\/geibrasile.com\/index.php?rest_route=\/wp\/v2\/posts\/81\/revisions"}],"predecessor-version":[{"id":7165,"href":"http:\/\/geibrasile.com\/index.php?rest_route=\/wp\/v2\/posts\/81\/revisions\/7165"}],"wp:attachment":[{"href":"http:\/\/geibrasile.com\/index.php?rest_route=%2Fwp%2Fv2%2Fmedia&parent=81"}],"wp:term":[{"taxonomy":"category","embeddable":true,"href":"http:\/\/geibrasile.com\/index.php?rest_route=%2Fwp%2Fv2%2Fcategories&post=81"},{"taxonomy":"post_tag","embeddable":true,"href":"http:\/\/geibrasile.com\/index.php?rest_route=%2Fwp%2Fv2%2Ftags&post=81"}],"curies":[{"name":"wp","href":"https:\/\/api.w.org\/{rel}","templated":true}]}}