{"id":8244,"date":"2017-01-21T14:31:18","date_gmt":"2017-01-21T14:31:18","guid":{"rendered":"http:\/\/geibrasile.com\/?p=8244"},"modified":"2017-01-24T16:10:52","modified_gmt":"2017-01-24T16:10:52","slug":"comunicado-da-camara-italo-brasileira-de-comercio-industria-e-agricultura-de-sao-paulo-falecimento-do-senador-dr-edoardo-pollastri","status":"publish","type":"post","link":"http:\/\/geibrasile.com\/?p=8244&amp;lang=pt","title":{"rendered":"Comunicado da C\u00e2mara \u00cdtalo-Brasileira de Com\u00e9rcio, Ind\u00fastria e Agricultura de S\u00e3o Paulo <br> Falecimento do Senador Dr. Edoardo Pollastri"},"content":{"rendered":"<p>\u00c9 com profundo pesar que anunciamos o repentino falecimento em 21\/01\/2017 do Presidente da C\u00e2mara \u00cdtalo-Brasileira de Com\u00e9rcio, Ind\u00fastria e Agricultura, Senador Edoardo Pollastri, aos 84 anos.<\/p>\n<p>Pollastri, nascido em Alessandria, na It\u00e1lia, foi economista, empres\u00e1rio e pol\u00edtico, Senador da Rep\u00fablica Italiana, tendo liderado diversas institui\u00e7\u00f5es relacionadas ao ambiente social e econ\u00f4mico \u00edtalo-brasileiro. Com muita paix\u00e3o e afinco, esteve \u00e0 frente da C\u00e2mara de Com\u00e9rcio por mais de 20 anos.<\/p>\n<p>O recordamos com gratid\u00e3o pelo trabalho que sempre soube realizar com dedica\u00e7\u00e3o, equil\u00edbrio, sabedoria, efic\u00e1cia e grande humanidade.<\/p>\n<p>Manifestamos \u00e0 toda fam\u00edlia, amigos, autoridades e associados da C\u00e2mara nossos mais sentidos p\u00easames.<\/p>\n<p>O vel\u00f3rio ser\u00e1 realizado em 22 de janeiro de 2017, das 10h \u00e0s 15h00, na Av. Dr. Arnaldo, 300 &#8211; Pacaembu, S\u00e3o Paulo\/SP, seguindo o enterro no Cemit\u00e9rio da Consola\u00e7\u00e3o, R. da Consola\u00e7\u00e3o, 1660.<\/p>\n<p>C\u00e2mara \u00cdtalo-Brasileira de Com\u00e9rcio, Ind\u00fastria e Agricultura<\/p>\n","protected":false},"excerpt":{"rendered":"<p>\u00c9 com profundo pesar que anunciamos o repentino falecimento em 21\/01\/2017 do Presidente da C\u00e2mara \u00cdtalo-Brasileira de Com\u00e9rcio, Ind\u00fastria e Agricultura, Senador Edoardo Pollastri, aos 84 anos. Pollastri, nascido em Alessandria, na It\u00e1lia, foi economista, empres\u00e1rio e pol\u00edtico, Senador da Rep\u00fablica Italiana, tendo liderado diversas institui\u00e7\u00f5es relacionadas ao ambiente social e econ\u00f4mico \u00edtalo-brasileiro. Com muita [&hellip;]<\/p>\n","protected":false},"author":1,"featured_media":0,"comment_status":"open","ping_status":"open","sticky":false,"template":"","format":"standard","meta":[],"categories":[12],"tags":[],"_links":{"self":[{"href":"http:\/\/geibrasile.com\/index.php?rest_route=\/wp\/v2\/posts\/8244"}],"collection":[{"href":"http:\/\/geibrasile.com\/index.php?rest_route=\/wp\/v2\/posts"}],"about":[{"href":"http:\/\/geibrasile.com\/index.php?rest_route=\/wp\/v2\/types\/post"}],"author":[{"embeddable":true,"href":"http:\/\/geibrasile.com\/index.php?rest_route=\/wp\/v2\/users\/1"}],"replies":[{"embeddable":true,"href":"http:\/\/geibrasile.com\/index.php?rest_route=%2Fwp%2Fv2%2Fcomments&post=8244"}],"version-history":[{"count":2,"href":"http:\/\/geibrasile.com\/index.php?rest_route=\/wp\/v2\/posts\/8244\/revisions"}],"predecessor-version":[{"id":8246,"href":"http:\/\/geibrasile.com\/index.php?rest_route=\/wp\/v2\/posts\/8244\/revisions\/8246"}],"wp:attachment":[{"href":"http:\/\/geibrasile.com\/index.php?rest_route=%2Fwp%2Fv2%2Fmedia&parent=8244"}],"wp:term":[{"taxonomy":"category","embeddable":true,"href":"http:\/\/geibrasile.com\/index.php?rest_route=%2Fwp%2Fv2%2Fcategories&post=8244"},{"taxonomy":"post_tag","embeddable":true,"href":"http:\/\/geibrasile.com\/index.php?rest_route=%2Fwp%2Fv2%2Ftags&post=8244"}],"curies":[{"name":"wp","href":"https:\/\/api.w.org\/{rel}","templated":true}]}}